{"id":8250,"date":"2026-09-04T13:22:03","date_gmt":"2026-09-04T13:22:03","guid":{"rendered":"https:\/\/miramar.tur.ar\/?p=8250"},"modified":"2026-09-04T13:22:03","modified_gmt":"2026-09-04T13:22:03","slug":"festival-internacional-de-cine-en-miramar","status":"publish","type":"post","link":"https:\/\/miramar.tur.ar\/index.php\/2026\/09\/04\/festival-internacional-de-cine-en-miramar\/","title":{"rendered":"Festival Internacional de Cine en Miramar"},"content":{"rendered":"<p>Como sede oficial de la <strong>4ta. edici\u00f3n del Festival Internacional de Cine<\/strong> de la Provincia de Buenos Aires (FICPBA), el Teatro Municipal \u201cAbel Santa Cruz\u201d (Av. 9 N\u00ba 1250, Miramar) ser\u00e1 escenario de tres proyecciones especiales, con entrada libre y gratuita.<\/p>\n<p>Lunes 7 de septiembre | 14:00: <strong>Ah\u00ed donde no est\u00e1s<\/strong> \u2014 Laura Chiabrando | +13.<\/p>\n<p>Martes 8 de septiembre | 16:00: <strong>La muerte es algo que les sucede a los dem\u00e1s<\/strong> \u2014 Ana Garc\u00eda Blaya | ATP.<\/p>\n<p>Mi\u00e9rcoles 9 de septiembre | 14:00: <strong>La noche de los l\u00e1pices<\/strong> \u2014 H\u00e9ctor Olivera | +18.<\/p>\n<p>&nbsp;<\/p>\n<p><strong>\u00a0<\/strong><\/p>\n<p><strong>\u00a0<\/strong><\/p>\n<p><strong>\u00a0<\/strong><\/p>\n<p><strong>\u00a0<\/strong><\/p>\n<p><strong>\u00a0<\/strong><\/p>\n<p><strong>\u00a0<\/strong><\/p>\n<p><strong>\u00a0<\/strong><\/p>\n<p><strong>\u00a0<\/strong><\/p>\n<p><strong>\u00a0<\/strong><\/p>\n<p><strong>\u00a0<\/strong><\/p>\n<p><strong>\u00a0<\/strong><\/p>\n","protected":false},"excerpt":{"rendered":"<p>Como sede oficial de la 4ta. edici\u00f3n del Festival Internacional de Cine de la Provincia de Buenos Aires (FICPBA), el Teatro Municipal \u201cAbel Santa Cruz\u201d (Av. 9 N\u00ba 1250, Miramar) ser\u00e1 escenario de tres proyecciones especiales, con entrada libre y gratuita. Lunes 7 de septiembre | 14:00: Ah\u00ed donde no est\u00e1s \u2014 Laura Chiabrando | [&hellip;]<\/p>\n","protected":false},"author":9,"featured_media":8251,"comment_status":"open","ping_status":"open","sticky":false,"template":"","format":"standard","meta":{"_et_pb_use_builder":"","_et_pb_old_content":"","_et_gb_content_width":"","footnotes":""},"categories":[15],"tags":[],"class_list":["post-8250","post","type-post","status-publish","format-standard","has-post-thumbnail","hentry","category-cultura"],"_links":{"self":[{"href":"https:\/\/miramar.tur.ar\/index.php\/wp-json\/wp\/v2\/posts\/8250","targetHints":{"allow":["GET"]}}],"collection":[{"href":"https:\/\/miramar.tur.ar\/index.php\/wp-json\/wp\/v2\/posts"}],"about":[{"href":"https:\/\/miramar.tur.ar\/index.php\/wp-json\/wp\/v2\/types\/post"}],"author":[{"embeddable":true,"href":"https:\/\/miramar.tur.ar\/index.php\/wp-json\/wp\/v2\/users\/9"}],"replies":[{"embeddable":true,"href":"https:\/\/miramar.tur.ar\/index.php\/wp-json\/wp\/v2\/comments?post=8250"}],"version-history":[{"count":1,"href":"https:\/\/miramar.tur.ar\/index.php\/wp-json\/wp\/v2\/posts\/8250\/revisions"}],"predecessor-version":[{"id":8252,"href":"https:\/\/miramar.tur.ar\/index.php\/wp-json\/wp\/v2\/posts\/8250\/revisions\/8252"}],"wp:featuredmedia":[{"embeddable":true,"href":"https:\/\/miramar.tur.ar\/index.php\/wp-json\/wp\/v2\/media\/8251"}],"wp:attachment":[{"href":"https:\/\/miramar.tur.ar\/index.php\/wp-json\/wp\/v2\/media?parent=8250"}],"wp:term":[{"taxonomy":"category","embeddable":true,"href":"https:\/\/miramar.tur.ar\/index.php\/wp-json\/wp\/v2\/categories?post=8250"},{"taxonomy":"post_tag","embeddable":true,"href":"https:\/\/miramar.tur.ar\/index.php\/wp-json\/wp\/v2\/tags?post=8250"}],"curies":[{"name":"wp","href":"https:\/\/api.w.org\/{rel}","templated":true}]}}